{"id":621,"date":"2021-04-29T10:50:05","date_gmt":"2021-04-29T08:50:05","guid":{"rendered":"https:\/\/newscovid.capec.fr\/?p=621"},"modified":"2021-05-04T14:02:30","modified_gmt":"2021-05-04T12:02:30","slug":"prime-a-la-conversion","status":"publish","type":"post","link":"https:\/\/newscovid.capec.fr\/index.php\/2021\/04\/29\/prime-a-la-conversion\/","title":{"rendered":"Prime \u00e0 la conversion pour les professionnels"},"content":{"rendered":"\n<p>La prime \u00e0 la conversion constitue une aide \u00e0 l\u2019achat ou \u00e0 la location d\u2019un v\u00e9hicule peu polluant, en \u00e9change de la mise au rebut d\u2019un vieux v\u00e9hicule polluant<\/p>\n\n\n\n<!--more-->\n\n\n\n<p>La prime \u00e0 la conversion constitue une aide aux professionnels pour :<\/p>\n\n\n\n<ul><li>l\u2019achat ou la location d\u2019un v\u00e9hicule \u00e9lectrique ou hybride rechargeable, neuf ou d\u2019occasion, dont l\u2019autonomie est sup\u00e9rieure \u00e0 50\u00a0km et dont le prix inf\u00e9rieur ou \u00e9gal \u00e0 60 000 \u20ac<\/li><li>et en \u00e9change de la mise au rebut d\u2019un vieux v\u00e9hicule immatricul\u00e9 pour la premi\u00e8re fois avant 2011 pour les v\u00e9hicules diesels ou avant 2006 pour les v\u00e9hicules \u00e0 essence.<\/li><\/ul>\n\n\n\n<p><\/p>\n\n\n\n<p><strong>Le montant de la prime s\u2019\u00e9l\u00e8ve \u00e0 2 500 \u20ac pour une voiture et \u00e0 5 000 \u20ac pour une camionnette.<\/strong><\/p>\n\n\n\n<h2 class=\"has-vivid-red-color has-text-color\">Qui peut en b\u00e9n\u00e9ficier ?<\/h2>\n\n\n\n<p>Le dispositif s\u2019adresse \u00e0&nbsp;<strong>tous les professionnels&nbsp;<\/strong>qui souhaitent renouveler leur flotte en faveur de v\u00e9hicules peu polluants.<\/p>\n\n\n\n<p>La prime \u00e0 la conversion est cumulable avec le bonus \u00e9cologique.<\/p>\n\n\n\n<h2 class=\"has-vivid-red-color has-text-color\">Comment en b\u00e9n\u00e9ficier ?<\/h2>\n\n\n\n<p>La demande de prime peut se faire, soit via un&nbsp;<strong>concessionnaire<\/strong>&nbsp;qui vous avance le montant de l\u2019aide, soit directement sur le&nbsp;<a href=\"https:\/\/www.primealaconversion.gouv.fr\/dboneco\/accueil\/\" target=\"_blank\" rel=\"noreferrer noopener\">site d\u00e9di\u00e9 \u00e0 la prime \u00e0 la conversion<\/a>.<\/p>\n\n\n\n<h2 class=\"has-vivid-red-color has-text-color\">Calendrier de mise en \u0153uvre<\/h2>\n\n\n\n<p>Le dispositif de la prime \u00e0 la conversion, dans les conditions d\u00e9crites ci-dessus, est applicable depuis le\u00a0<strong>3 ao\u00fbt 2020<\/strong>\u00a0et jusqu&#8217;au\u00a0<strong>30\u00a0juin 2021 inclus<\/strong>.<\/p>\n\n\n\n<p><em>Source: Minist\u00e8re de l&#8217;\u00e9conomie, des finances et de la relance <\/em><br><a href=\"https:\/\/www.economie.gouv.fr\/plan-de-relance\/profils\/entreprises\/prime-conversion\" target=\"_blank\" rel=\"noreferrer noopener\">https:\/\/www.economie.gouv.fr\/plan-de-relance\/profils\/entreprises\/prime-conversion<\/a><\/p>\n","protected":false},"excerpt":{"rendered":"<p>La prime \u00e0 la conversion constitue une aide \u00e0 l\u2019achat ou \u00e0 la location d\u2019un v\u00e9hicule peu polluant, en \u00e9change de la mise au rebut d\u2019un vieux v\u00e9hicule polluant<\/p>\n","protected":false},"author":1,"featured_media":623,"comment_status":"closed","ping_status":"open","sticky":false,"template":"","format":"standard","meta":[],"categories":[63],"tags":[19,134,131,135,133,132],"yoast_head":"<!-- This site is optimized with the Yoast SEO plugin v15.2.1 - https:\/\/yoast.com\/wordpress\/plugins\/seo\/ -->\n<title>Prime \u00e0 la conversion pour les professionnels - News covid CAPEC<\/title>\n<meta name=\"description\" content=\"Saviez-vous que la prime \u00e0 la conversion peut s&#039;appliquer \u00e0 une voiture ou camionnette de soci\u00e9t\u00e9 ? Toutes les infos sur Newscovid\" \/>\n<meta name=\"robots\" content=\"index, follow, max-snippet:-1, max-image-preview:large, max-video-preview:-1\" \/>\n<link rel=\"canonical\" href=\"https:\/\/newscovid.capec.fr\/index.php\/2021\/04\/29\/prime-a-la-conversion\/\" \/>\n<meta property=\"og:locale\" content=\"fr_FR\" \/>\n<meta property=\"og:type\" content=\"article\" \/>\n<meta property=\"og:title\" content=\"Prime \u00e0 la conversion pour les professionnels - News covid CAPEC\" \/>\n<meta property=\"og:description\" content=\"Saviez-vous que la prime \u00e0 la conversion peut s&#039;appliquer \u00e0 une voiture ou camionnette de soci\u00e9t\u00e9 ? Toutes les infos sur Newscovid\" \/>\n<meta property=\"og:url\" content=\"https:\/\/newscovid.capec.fr\/index.php\/2021\/04\/29\/prime-a-la-conversion\/\" \/>\n<meta property=\"og:site_name\" content=\"News covid CAPEC\" \/>\n<meta property=\"article:author\" content=\"https:\/\/www.facebook.com\/CAPECexpertisecomptable\" \/>\n<meta property=\"article:published_time\" content=\"2021-04-29T08:50:05+00:00\" \/>\n<meta property=\"article:modified_time\" content=\"2021-05-04T12:02:30+00:00\" \/>\n<meta property=\"og:image\" content=\"https:\/\/newscovid.capec.fr\/wp-content\/uploads\/2021\/04\/pollution.jpg\" \/>\n\t<meta property=\"og:image:width\" content=\"640\" \/>\n\t<meta property=\"og:image:height\" content=\"276\" \/>\n<meta name=\"twitter:card\" content=\"summary_large_image\" \/>\n<meta name=\"twitter:label1\" content=\"\u00c9crit par\">\n\t<meta name=\"twitter:data1\" content=\"CAPEC\">\n\t<meta name=\"twitter:label2\" content=\"Dur\u00e9e de lecture est.\">\n\t<meta name=\"twitter:data2\" content=\"1 minute\">\n<script type=\"application\/ld+json\" class=\"yoast-schema-graph\">{\"@context\":\"https:\/\/schema.org\",\"@graph\":[{\"@type\":\"WebSite\",\"@id\":\"https:\/\/newscovid.capec.fr\/#website\",\"url\":\"https:\/\/newscovid.capec.fr\/\",\"name\":\"News covid CAPEC\",\"description\":\"Les derni\\u00e8res actualit\\u00e9s des entrepreneurs\",\"potentialAction\":[{\"@type\":\"SearchAction\",\"target\":\"https:\/\/newscovid.capec.fr\/?s={search_term_string}\",\"query-input\":\"required name=search_term_string\"}],\"inLanguage\":\"fr-FR\"},{\"@type\":\"ImageObject\",\"@id\":\"https:\/\/newscovid.capec.fr\/index.php\/2021\/04\/29\/prime-a-la-conversion\/#primaryimage\",\"inLanguage\":\"fr-FR\",\"url\":\"https:\/\/newscovid.capec.fr\/wp-content\/uploads\/2021\/04\/pollution.jpg\",\"width\":640,\"height\":276,\"caption\":\"pollution v\\u00e9hicule prime conversion\"},{\"@type\":\"WebPage\",\"@id\":\"https:\/\/newscovid.capec.fr\/index.php\/2021\/04\/29\/prime-a-la-conversion\/#webpage\",\"url\":\"https:\/\/newscovid.capec.fr\/index.php\/2021\/04\/29\/prime-a-la-conversion\/\",\"name\":\"Prime \\u00e0 la conversion pour les professionnels - News covid CAPEC\",\"isPartOf\":{\"@id\":\"https:\/\/newscovid.capec.fr\/#website\"},\"primaryImageOfPage\":{\"@id\":\"https:\/\/newscovid.capec.fr\/index.php\/2021\/04\/29\/prime-a-la-conversion\/#primaryimage\"},\"datePublished\":\"2021-04-29T08:50:05+00:00\",\"dateModified\":\"2021-05-04T12:02:30+00:00\",\"author\":{\"@id\":\"https:\/\/newscovid.capec.fr\/#\/schema\/person\/a4249df0e6e522a0e389c450e360b434\"},\"description\":\"Saviez-vous que la prime \\u00e0 la conversion peut s'appliquer \\u00e0 une voiture ou camionnette de soci\\u00e9t\\u00e9 ? Toutes les infos sur Newscovid\",\"inLanguage\":\"fr-FR\",\"potentialAction\":[{\"@type\":\"ReadAction\",\"target\":[\"https:\/\/newscovid.capec.fr\/index.php\/2021\/04\/29\/prime-a-la-conversion\/\"]}]},{\"@type\":\"Person\",\"@id\":\"https:\/\/newscovid.capec.fr\/#\/schema\/person\/a4249df0e6e522a0e389c450e360b434\",\"name\":\"CAPEC\",\"image\":{\"@type\":\"ImageObject\",\"@id\":\"https:\/\/newscovid.capec.fr\/#personlogo\",\"inLanguage\":\"fr-FR\",\"url\":\"https:\/\/secure.gravatar.com\/avatar\/9cbefad5915e3a29711223cb66d5f7f2?s=96&d=mm&r=g\",\"caption\":\"CAPEC\"},\"sameAs\":[\"http:\/\/www.capec.fr\",\"https:\/\/www.facebook.com\/CAPECexpertisecomptable\",\"https:\/\/www.instagram.com\/cabinet.capec\/\",\"https:\/\/www.linkedin.com\/company\/capec\"]}]}<\/script>\n<!-- \/ Yoast SEO plugin. -->","_links":{"self":[{"href":"https:\/\/newscovid.capec.fr\/index.php\/wp-json\/wp\/v2\/posts\/621"}],"collection":[{"href":"https:\/\/newscovid.capec.fr\/index.php\/wp-json\/wp\/v2\/posts"}],"about":[{"href":"https:\/\/newscovid.capec.fr\/index.php\/wp-json\/wp\/v2\/types\/post"}],"author":[{"embeddable":true,"href":"https:\/\/newscovid.capec.fr\/index.php\/wp-json\/wp\/v2\/users\/1"}],"replies":[{"embeddable":true,"href":"https:\/\/newscovid.capec.fr\/index.php\/wp-json\/wp\/v2\/comments?post=621"}],"version-history":[{"count":5,"href":"https:\/\/newscovid.capec.fr\/index.php\/wp-json\/wp\/v2\/posts\/621\/revisions"}],"predecessor-version":[{"id":627,"href":"https:\/\/newscovid.capec.fr\/index.php\/wp-json\/wp\/v2\/posts\/621\/revisions\/627"}],"wp:featuredmedia":[{"embeddable":true,"href":"https:\/\/newscovid.capec.fr\/index.php\/wp-json\/wp\/v2\/media\/623"}],"wp:attachment":[{"href":"https:\/\/newscovid.capec.fr\/index.php\/wp-json\/wp\/v2\/media?parent=621"}],"wp:term":[{"taxonomy":"category","embeddable":true,"href":"https:\/\/newscovid.capec.fr\/index.php\/wp-json\/wp\/v2\/categories?post=621"},{"taxonomy":"post_tag","embeddable":true,"href":"https:\/\/newscovid.capec.fr\/index.php\/wp-json\/wp\/v2\/tags?post=621"}],"curies":[{"name":"wp","href":"https:\/\/api.w.org\/{rel}","templated":true}]}}