{"id":34,"date":"2020-11-02T15:29:56","date_gmt":"2020-11-02T14:29:56","guid":{"rendered":"https:\/\/newscovid.capec.fr\/?p=34"},"modified":"2020-11-05T16:24:58","modified_gmt":"2020-11-05T15:24:58","slug":"organisation-du-cabinet-confinement2","status":"publish","type":"post","link":"https:\/\/newscovid.capec.fr\/index.php\/2020\/11\/02\/organisation-du-cabinet-confinement2\/","title":{"rendered":"Organisation du cabinet : #Confinement2"},"content":{"rendered":"\n<p>L\u2019ensemble des collaborateurs reste mobilis\u00e9 \u00e0 vos c\u00f4t\u00e9s pour r\u00e9pondre \u00e0 toutes vos demandes et interrogations en lien avec la crise sanitaire, et assurera le suivi de votre entreprise. Cette nouvelle organisation ne nous emp\u00eachera pas de restez \u00e0 vos c\u00f4t\u00e9s !<\/p>\n\n\n\n<!--more-->\n\n\n\n<p>A compter de <strong>lundi 2 novembre, le cabinet aura une nouvelle organisation et sera ferm\u00e9 au public, mais notre standard t\u00e9l\u00e9phonique restera ouvert selon les horaires habituels, \u00e0 savoir de 8h30 \u00e0 12h et de 13h30 \u00e0 17h30, du lundi au vendredi.<\/strong><\/p>\n\n\n\n<figure class=\"wp-block-image size-large is-resized\"><img loading=\"lazy\" src=\"https:\/\/newscovid.capec.fr\/wp-content\/uploads\/2020\/11\/virus-5656362_640.jpg\" alt=\"Nouvelle organisation \u00e0 CAPEC\" class=\"wp-image-35\" width=\"463\" height=\"260\" srcset=\"https:\/\/newscovid.capec.fr\/wp-content\/uploads\/2020\/11\/virus-5656362_640.jpg 640w, https:\/\/newscovid.capec.fr\/wp-content\/uploads\/2020\/11\/virus-5656362_640-300x169.jpg 300w\" sizes=\"(max-width: 463px) 100vw, 463px\" \/><\/figure>\n\n\n\n<p>Afin d\u2019assurer la s\u00e9curit\u00e9 de nos collaborateurs, <strong>nous r\u00e9pandrons largement le t\u00e9l\u00e9travail<\/strong>; vos interlocuteurs habituels resteront <strong>joignables par mail et par t\u00e9l\u00e9phone tout au long de cette p\u00e9riode.<\/strong><\/p>\n\n\n\n<ul><li><strong>Transmission des documents<\/strong><br>Nous ne pourrons pas vous recevoir physiquement mais vous pourrez, comme au printemps dernier, d\u00e9poser vos documents papier pour la mise \u00e0 jour de votre comptabilit\u00e9. Les documents seront mis en quarantaine pendant 24h, ce que nous faisons depuis le mois de mars.<br><br>Un solution est \u00e9galement d&#8217;opter pour la d\u00e9mat\u00e9rialisation de vos documents, via notre plateforme MyCburo et l\u2019outil Idepot.<br>Vous ne savez comment l\u2019utiliser et avez besoin d\u2019aide ? Vous pouvez contacter Guillaume DUBOST <a rel=\"noreferrer noopener\" href=\"mailto:gdubost@capec.fr\" target=\"_blank\">gdubost@capec.fr<\/a> pour plus d\u2019informations.<br><\/li><li><strong>Les rendez-vous<\/strong><br>Du fait de la fermeture du cabinet au public, il ne nous sera pas possible d\u2019assurer des rendez-vous physiques dans nos locaux. Les r\u00e9unions en <strong>visioconf\u00e9rence <\/strong>seront donc privil\u00e9gi\u00e9es dans les prochaines semaines.<br><br><strong>Vous aviez un rendez-vous programm\u00e9 dans les prochains jours avec votre expert-comptable ou le collaborateur qui vous suit au quotidien ?<\/strong> <br>Nous allons revenir vers vous pour adapter les modalit\u00e9s de tenue de ces rendez-vous.<\/li><\/ul>\n","protected":false},"excerpt":{"rendered":"<p>L\u2019ensemble des collaborateurs reste mobilis\u00e9 \u00e0 vos c\u00f4t\u00e9s pour r\u00e9pondre \u00e0 toutes vos demandes et interrogations en lien avec la crise sanitaire, et assurera le suivi de votre entreprise. Cette nouvelle organisation ne nous emp\u00eachera pas de restez \u00e0 vos c\u00f4t\u00e9s !<\/p>\n","protected":false},"author":1,"featured_media":0,"comment_status":"closed","ping_status":"closed","sticky":false,"template":"","format":"standard","meta":[],"categories":[5],"tags":[7,6,9,8],"yoast_head":"<!-- This site is optimized with the Yoast SEO plugin v15.2.1 - https:\/\/yoast.com\/wordpress\/plugins\/seo\/ -->\n<title>Organisation du cabinet : #Confinement2 - News covid CAPEC<\/title>\n<meta name=\"description\" content=\"L&#039;organisation du cabinet change en raison du confinement du mois de novembre. Notre standard t\u00e9l\u00e9phonique reste toujours ouvert aux m\u00eame horaires !\" \/>\n<meta name=\"robots\" content=\"index, follow, max-snippet:-1, max-image-preview:large, max-video-preview:-1\" \/>\n<link rel=\"canonical\" href=\"https:\/\/newscovid.capec.fr\/index.php\/2020\/11\/02\/organisation-du-cabinet-confinement2\/\" \/>\n<meta property=\"og:locale\" content=\"fr_FR\" \/>\n<meta property=\"og:type\" content=\"article\" \/>\n<meta property=\"og:title\" content=\"Organisation du cabinet : #Confinement2 - News covid CAPEC\" \/>\n<meta property=\"og:description\" content=\"L&#039;organisation du cabinet change en raison du confinement du mois de novembre. Notre standard t\u00e9l\u00e9phonique reste toujours ouvert aux m\u00eame horaires !\" \/>\n<meta property=\"og:url\" content=\"https:\/\/newscovid.capec.fr\/index.php\/2020\/11\/02\/organisation-du-cabinet-confinement2\/\" \/>\n<meta property=\"og:site_name\" content=\"News covid CAPEC\" \/>\n<meta property=\"article:author\" content=\"https:\/\/www.facebook.com\/CAPECexpertisecomptable\" \/>\n<meta property=\"article:published_time\" content=\"2020-11-02T14:29:56+00:00\" \/>\n<meta property=\"article:modified_time\" content=\"2020-11-05T15:24:58+00:00\" \/>\n<meta property=\"og:image\" content=\"https:\/\/newscovid.capec.fr\/wp-content\/uploads\/2020\/11\/virus-5656362_640.jpg\" \/>\n<meta name=\"twitter:card\" content=\"summary_large_image\" \/>\n<meta name=\"twitter:label1\" content=\"\u00c9crit par\">\n\t<meta name=\"twitter:data1\" content=\"CAPEC\">\n\t<meta name=\"twitter:label2\" content=\"Dur\u00e9e de lecture est.\">\n\t<meta name=\"twitter:data2\" content=\"1 minute\">\n<script type=\"application\/ld+json\" class=\"yoast-schema-graph\">{\"@context\":\"https:\/\/schema.org\",\"@graph\":[{\"@type\":\"WebSite\",\"@id\":\"https:\/\/newscovid.capec.fr\/#website\",\"url\":\"https:\/\/newscovid.capec.fr\/\",\"name\":\"News covid CAPEC\",\"description\":\"Les derni\\u00e8res actualit\\u00e9s des entrepreneurs\",\"potentialAction\":[{\"@type\":\"SearchAction\",\"target\":\"https:\/\/newscovid.capec.fr\/?s={search_term_string}\",\"query-input\":\"required name=search_term_string\"}],\"inLanguage\":\"fr-FR\"},{\"@type\":\"ImageObject\",\"@id\":\"https:\/\/newscovid.capec.fr\/index.php\/2020\/11\/02\/organisation-du-cabinet-confinement2\/#primaryimage\",\"inLanguage\":\"fr-FR\",\"url\":\"https:\/\/newscovid.capec.fr\/wp-content\/uploads\/2020\/11\/virus-5656362_640.jpg\",\"width\":640,\"height\":360},{\"@type\":\"WebPage\",\"@id\":\"https:\/\/newscovid.capec.fr\/index.php\/2020\/11\/02\/organisation-du-cabinet-confinement2\/#webpage\",\"url\":\"https:\/\/newscovid.capec.fr\/index.php\/2020\/11\/02\/organisation-du-cabinet-confinement2\/\",\"name\":\"Organisation du cabinet : #Confinement2 - News covid CAPEC\",\"isPartOf\":{\"@id\":\"https:\/\/newscovid.capec.fr\/#website\"},\"primaryImageOfPage\":{\"@id\":\"https:\/\/newscovid.capec.fr\/index.php\/2020\/11\/02\/organisation-du-cabinet-confinement2\/#primaryimage\"},\"datePublished\":\"2020-11-02T14:29:56+00:00\",\"dateModified\":\"2020-11-05T15:24:58+00:00\",\"author\":{\"@id\":\"https:\/\/newscovid.capec.fr\/#\/schema\/person\/a4249df0e6e522a0e389c450e360b434\"},\"description\":\"L'organisation du cabinet change en raison du confinement du mois de novembre. Notre standard t\\u00e9l\\u00e9phonique reste toujours ouvert aux m\\u00eame horaires !\",\"inLanguage\":\"fr-FR\",\"potentialAction\":[{\"@type\":\"ReadAction\",\"target\":[\"https:\/\/newscovid.capec.fr\/index.php\/2020\/11\/02\/organisation-du-cabinet-confinement2\/\"]}]},{\"@type\":\"Person\",\"@id\":\"https:\/\/newscovid.capec.fr\/#\/schema\/person\/a4249df0e6e522a0e389c450e360b434\",\"name\":\"CAPEC\",\"image\":{\"@type\":\"ImageObject\",\"@id\":\"https:\/\/newscovid.capec.fr\/#personlogo\",\"inLanguage\":\"fr-FR\",\"url\":\"https:\/\/secure.gravatar.com\/avatar\/9cbefad5915e3a29711223cb66d5f7f2?s=96&d=mm&r=g\",\"caption\":\"CAPEC\"},\"sameAs\":[\"http:\/\/www.capec.fr\",\"https:\/\/www.facebook.com\/CAPECexpertisecomptable\",\"https:\/\/www.instagram.com\/cabinet.capec\/\",\"https:\/\/www.linkedin.com\/company\/capec\"]}]}<\/script>\n<!-- \/ Yoast SEO plugin. -->","_links":{"self":[{"href":"https:\/\/newscovid.capec.fr\/index.php\/wp-json\/wp\/v2\/posts\/34"}],"collection":[{"href":"https:\/\/newscovid.capec.fr\/index.php\/wp-json\/wp\/v2\/posts"}],"about":[{"href":"https:\/\/newscovid.capec.fr\/index.php\/wp-json\/wp\/v2\/types\/post"}],"author":[{"embeddable":true,"href":"https:\/\/newscovid.capec.fr\/index.php\/wp-json\/wp\/v2\/users\/1"}],"replies":[{"embeddable":true,"href":"https:\/\/newscovid.capec.fr\/index.php\/wp-json\/wp\/v2\/comments?post=34"}],"version-history":[{"count":5,"href":"https:\/\/newscovid.capec.fr\/index.php\/wp-json\/wp\/v2\/posts\/34\/revisions"}],"predecessor-version":[{"id":179,"href":"https:\/\/newscovid.capec.fr\/index.php\/wp-json\/wp\/v2\/posts\/34\/revisions\/179"}],"wp:attachment":[{"href":"https:\/\/newscovid.capec.fr\/index.php\/wp-json\/wp\/v2\/media?parent=34"}],"wp:term":[{"taxonomy":"category","embeddable":true,"href":"https:\/\/newscovid.capec.fr\/index.php\/wp-json\/wp\/v2\/categories?post=34"},{"taxonomy":"post_tag","embeddable":true,"href":"https:\/\/newscovid.capec.fr\/index.php\/wp-json\/wp\/v2\/tags?post=34"}],"curies":[{"name":"wp","href":"https:\/\/api.w.org\/{rel}","templated":true}]}}